[{"@context":"https:\/\/schema.org\/","@type":"Article","@id":"https:\/\/www.angelix.cz\/katalansko-zahajuje-svou-vlastni-menu\/#Article","mainEntityOfPage":"https:\/\/www.angelix.cz\/katalansko-zahajuje-svou-vlastni-menu\/","headline":"Katal\u00e1nsko zahajuje svou vlastn\u00ed m\u011bnu","name":"Katal\u00e1nsko zahajuje svou vlastn\u00ed m\u011bnu","description":"Byli jste n\u011bkdy ve \u0160pan\u011blsku, v Barcelon\u011b? Setkali jsme se n\u011bkdy s t\u00edm, \u017ee na v\u00e1s lidi, \u017eij\u00edc\u00ed hlavn\u011b v Barcelon\u011b a jej\u00edm okol\u00ed, zle zahl\u00ed\u017eeli, kdy\u017e jste zm\u00ednili, \u017ee je Barcelona kr\u00e1sn\u00fdm \u0161pan\u011blsk\u00fdm m\u011bstem, nebo \u017ee je to perla \u0161pan\u011blsk\u00e9ho kr\u00e1lovstv\u00ed? Nedivili bychom se. &#8211; Jin\u00fd kraj, jin\u00fd mravBarcelo\u0148an\u00e9 se pova\u017euj\u00ed za Katal\u00e1nce, nikoli [&hellip;]","datePublished":"2016-11-26","dateModified":"2023-04-27","author":{"@type":"Person","@id":"https:\/\/www.angelix.cz\/author\/#Person","name":"","url":"https:\/\/www.angelix.cz\/author\/","identifier":1,"image":{"@type":"ImageObject","@id":"https:\/\/secure.gravatar.com\/avatar\/dcb1aeb5e7d95014cdc92e76cf3c72f6b456579bf773ad0081803a6569ffc19c?s=96&d=mm&r=g","url":"https:\/\/secure.gravatar.com\/avatar\/dcb1aeb5e7d95014cdc92e76cf3c72f6b456579bf773ad0081803a6569ffc19c?s=96&d=mm&r=g","height":96,"width":96}},"publisher":{"@type":"Organization","name":"angelix.cz","logo":{"@type":"ImageObject","@id":"\/logo.png","url":"\/logo.png","width":600,"height":60}},"image":{"@type":"ImageObject","@id":"https:\/\/www.angelix.cz\/wp-content\/uploads\/img_a279374_w1749_t1602823468.jpg","url":"https:\/\/www.angelix.cz\/wp-content\/uploads\/img_a279374_w1749_t1602823468.jpg","height":0,"width":0},"url":"https:\/\/www.angelix.cz\/katalansko-zahajuje-svou-vlastni-menu\/","about":["Ekonomika"],"wordCount":442,"articleBody":" Byli jste n\u011bkdy ve \u0160pan\u011blsku, v Barcelon\u011b? Setkali jsme se n\u011bkdy s t\u00edm, \u017ee na v\u00e1s lidi, \u017eij\u00edc\u00ed hlavn\u011b v Barcelon\u011b a jej\u00edm okol\u00ed, zle zahl\u00ed\u017eeli, kdy\u017e jste zm\u00ednili, \u017ee je Barcelona kr\u00e1sn\u00fdm \u0161pan\u011blsk\u00fdm m\u011bstem, nebo \u017ee je to perla \u0161pan\u011blsk\u00e9ho kr\u00e1lovstv\u00ed? Nedivili bychom se. &#8211; Jin\u00fd kraj, jin\u00fd mravBarcelo\u0148an\u00e9 se pova\u017euj\u00ed za Katal\u00e1nce, nikoli za \u0160pan\u011bly, stejn\u011b jako se Skotov\u00e9 pova\u017euj\u00ed za Skoty, nikoli Brity nebo nedej b\u016fh Angli\u010dany. Z toho d\u016fvodu je z\u0159ejm\u00e9, \u017ee mezi \u0160pan\u011blskem a \u00fazem\u00ed Katal\u00e1nska, jeho\u017e hlavn\u00edm \u010di centr\u00e1ln\u00edm m\u011bstem je Barcelona, panuj\u00ed velk\u00e9 p\u0159e a neshody. Kr\u00e1lovstv\u00ed samoz\u0159ejm\u011b nechce Barcelonu nechat odtrhnout od sv\u00e9ho kr\u00e1lovstv\u00ed, proto\u017ee by to zp\u016fsobilo velk\u00e9 rozbroje i v dal\u0161\u00edch st\u00e1tech. &#8211; Situace v Evrop\u011b Vyjma zmi\u0148ovan\u00e9 Velk\u00e9 Brit\u00e1nie, kter\u00e1 by t\u00e9m\u011b\u0159 okam\u017eit\u011b p\u0159i\u0161la o Skotsko, Severn\u00ed Irsko a nejsp\u00ed\u0161 i Wales, by to bylo tak\u00e9 N\u011bmecko, Francie a pravd\u011bpodobn\u011b tak\u00e9 It\u00e1lie. Balk\u00e1nsk\u00fd poloostrov je v jednom kuse rozd\u011blovan\u00fd tak \u010di onak, zde se st\u00e1ty je\u0161t\u011b po\u0159\u00e1d nesta\u010dily vzpamatovat ze sv\u00fdch hork\u00fdch hlav. Nen\u00ed to tak d\u00e1vno, co se rozd\u011blilo Srbsko a Chorvatsko, a tak\u00e9, co vznikla \u010cern\u00e1 Hora.  Pro\u010d Barcelona zav\u00e1d\u00ed novou m\u011bnu? Barcelona se sna\u017e\u00ed o odtr\u017een\u00ed od \u0160pan\u011blsk\u00e9ho kr\u00e1lovstv\u00ed alespo\u0148 tak, \u017ee zav\u00e1d\u00ed jin\u00e9 novely z\u00e1kona a pravidla, kter\u00fdmi sv\u00e9 m\u011bsto \u0159\u00edd\u00ed. Nejnov\u011bj\u0161\u00edm z nich je zaveden\u00ed nov\u00e9 m\u011bny, kter\u00e1 by m\u011bla vej\u00edt ve zkou\u0161ku od roku 2017, pravidelnou by se m\u011bla st\u00e1t n\u011bkdy v roce 2019, pokud v\u0161echno p\u016fjde dob\u0159e. Mnoho investor\u016f, ale nap\u0159\u00edklad i starostka m\u011bsta Barcelony Ada Colau v\u011b\u0159\u00ed, \u017ee tato m\u011bna pom\u016f\u017ee soci\u00e1ln\u011b slab\u0161\u00edm jedinc\u016fm, mal\u00fdm a st\u0159edn\u00edm firm\u00e1m a tak\u00e9 rodinn\u00fdm podnik\u016fm. &#8211; Vlastn\u00ed m\u011bna nen\u00ed prvn\u00edm vrtochem jednotliv\u00fdch oblast\u00ed proti veden\u00ed st\u00e1tu S podobn\u00fdm protestem proti vl\u00e1d\u011b se setk\u00e1v\u00e1me i u jin\u00fdch probl\u00e9mov\u00fdch oblast\u00ed v Evrop\u011b, a t\u00edm jsou nap\u0159\u00edklad britsk\u00fd Bristol, kter\u00fd o m\u011bn\u011b uva\u017euje ji\u017e n\u011bkolik let. Stejn\u011b o tom u\u017e n\u011bkolik let p\u0159em\u00fd\u0161lej\u00ed n\u011bkter\u00e1 francouzsk\u00e1 m\u011bsta, jmenujme Tolouse nebo Mantes. I it\u00e1lie m\u00e1 oblast, kter\u00e1 si \u017e\u00e1d\u00e1 vlastn\u00ed m\u011bnu, a tou je Sic\u00edlie.                                                                                                                                                                                                                                                                                                                                                                                        3\/5 - (1 vote)        "},{"@context":"https:\/\/schema.org\/","@type":"BreadcrumbList","itemListElement":[{"@type":"ListItem","position":1,"name":"Katal\u00e1nsko zahajuje svou vlastn\u00ed m\u011bnu","item":"https:\/\/www.angelix.cz\/katalansko-zahajuje-svou-vlastni-menu\/#breadcrumbitem"}]}]