[{"@context":"https:\/\/schema.org\/","@type":"Article","@id":"https:\/\/www.angelix.cz\/klece-podestylky-a-krmitka-pro-kraliky\/#Article","mainEntityOfPage":"https:\/\/www.angelix.cz\/klece-podestylky-a-krmitka-pro-kraliky\/","headline":"Klece, podest\u00fdlky a krm\u00edtka pro kr\u00e1l\u00edky","name":"Klece, podest\u00fdlky a krm\u00edtka pro kr\u00e1l\u00edky","description":"Kr\u00e1l\u00edci z klobouku\u2013 ka\u017ed\u00fd \u017eiv\u00fd tvor m\u00e1 ob\u010das pot\u0159ebu schoulit se do bezpe\u010d\u00ed a m\u00edt sv\u00e9 soukrom\u00ed. Ve\u010dern\u00ed\u010dkov\u00e9 postavi\u010dky Bob a Bobek zal\u00e9zaly do klobouku kouzeln\u00edka Pokust\u00f3na, ale to neznamen\u00e1, \u017ee to bude sta\u010dit i va\u0161im mazl\u00ed\u010dk\u016fm. Budete pot\u0159ebovat ocelovou klec, kotec, voln\u00fd v\u00fdb\u011bh, anebo alespo\u0148 mo\u017enost vypustit je na n\u011bkolik hodin do prostoru bytu. [&hellip;]","datePublished":"2018-11-05","dateModified":"2023-04-27","author":{"@type":"Person","@id":"https:\/\/www.angelix.cz\/author\/#Person","name":"","url":"https:\/\/www.angelix.cz\/author\/","identifier":1,"image":{"@type":"ImageObject","@id":"https:\/\/secure.gravatar.com\/avatar\/dcb1aeb5e7d95014cdc92e76cf3c72f6b456579bf773ad0081803a6569ffc19c?s=96&d=mm&r=g","url":"https:\/\/secure.gravatar.com\/avatar\/dcb1aeb5e7d95014cdc92e76cf3c72f6b456579bf773ad0081803a6569ffc19c?s=96&d=mm&r=g","height":96,"width":96}},"publisher":{"@type":"Organization","name":"angelix.cz","logo":{"@type":"ImageObject","@id":"\/logo.png","url":"\/logo.png","width":600,"height":60}},"image":{"@type":"ImageObject","@id":"https:\/\/www.angelix.cz\/wp-content\/uploads\/img_a333326_w1749_t1546698731.jpg","url":"https:\/\/www.angelix.cz\/wp-content\/uploads\/img_a333326_w1749_t1546698731.jpg","height":0,"width":0},"url":"https:\/\/www.angelix.cz\/klece-podestylky-a-krmitka-pro-kraliky\/","about":["Kultura"],"wordCount":446,"articleBody":"   Kr\u00e1l\u00edci z klobouku\u2013 ka\u017ed\u00fd \u017eiv\u00fd tvor m\u00e1 ob\u010das pot\u0159ebu schoulit se do bezpe\u010d\u00ed a m\u00edt sv\u00e9 soukrom\u00ed. Ve\u010dern\u00ed\u010dkov\u00e9 postavi\u010dky Bob a Bobek zal\u00e9zaly do klobouku kouzeln\u00edka Pokust\u00f3na, ale to neznamen\u00e1, \u017ee to bude sta\u010dit i va\u0161im mazl\u00ed\u010dk\u016fm. Budete pot\u0159ebovat ocelovou klec, kotec, voln\u00fd v\u00fdb\u011bh, anebo alespo\u0148 mo\u017enost vypustit je na n\u011bkolik hodin do prostoru bytu. V z\u00e1sad\u011b jsou v\u0161ak tito tvorov\u00e9 nen\u00e1ro\u010dn\u00ed, vy\u017eaduj\u00ed pouze such\u00e9 m\u00edsto s dostatkem sv\u011btla a p\u0159\u00edsunu \u010derstv\u00e9ho vzduchu, a p\u0159edev\u0161\u00edm klid. Jestli\u017ee chcete chovat kr\u00e1l\u00edky ve venkovn\u00edm kotci, dbejte na to, aby vchod sm\u011b\u0159oval na severov\u00fdchod nebo jihov\u00fdchod. Z t\u011bchto sm\u011br\u016f toti\u017e vane nejm\u00e9n\u011b v\u011btr\u016f a nes\u00e1l\u00e1 tolik odpoledn\u00ed slunce, jako nap\u0159. z jihoz\u00e1padu.Vhodn\u00e9 krmivo\u2013 zapamatujte si, \u017ee m\u00e1te doma b\u00fdlo\u017eravce, a podle toho budete volit krmnou sm\u011bs. Z\u00e1klad tvo\u0159\u00ed seno, obiln\u00e9 zrno, kuku\u0159ice, tvrd\u00fd chl\u00e9b a n\u011bkdy i zelen\u00e1 p\u00edce, kter\u00e1 v\u0161ak nesm\u00ed plesniv\u011bt a nesm\u00ed b\u00fdt zapa\u0159en\u00e1. Krmn\u00e9 sm\u011bsi do krm\u00edtek pro kr\u00e1l\u00edkyse dnes b\u011b\u017en\u011b prod\u00e1vaj\u00ed ve zverimexu a dokonce i v supermarketech.Jakou podest\u00fdlku\u2013 teoreticky je mo\u017en\u00e9 chovat tato zv\u00ed\u0159ata i bez podest\u00fdlky, ale vystlan\u00e1 klec je v\u017edy lep\u0161\u00ed \u0159e\u0161en\u00ed. Podest\u00fdlka by m\u011bla b\u00fdt v ka\u017ed\u00e9m p\u0159\u00edpad\u011b na z\u00e1chodku, ale m\u016f\u017eete ji vystlat po cel\u00e9 plo\u0161e anebo ji kombinovat s m\u011bkk\u00fdm kobercem. Klec vystlan\u00e1 hoblinami je tak\u00e9 ide\u00e1ln\u00ed prost\u0159ed\u00ed pro odchov.Nedostatek sv\u011btla\u2013 dostatek denn\u00edho sv\u011btla nebo alespo\u0148 um\u011bl\u00e9ho osv\u011btlen\u00ed chladn\u011bj\u0161\u00edm barevn\u00fdm spektrem je podm\u00ednkou \u00fasp\u011b\u0161n\u00e9ho chovu. Jestli\u017ee pl\u00e1nujete odchov ml\u00e1\u010fat, m\u011bli byste db\u00e1t na to, aby m\u011bla zv\u00ed\u0159ata zaji\u0161t\u011bna alespo\u0148 12 hodin denn\u00edho sv\u011btla, jinak samci nemaj\u00ed z\u00e1jem oplodnit samici.Letn\u00ed vedra\u2013 kr\u00e1l\u00edci nemaj\u00ed p\u0159\u00edli\u0161 v l\u00e1sce extr\u00e9mn\u00ed letn\u00ed vedro, zvl\u00e1\u0161t\u011b, je-li podpo\u0159eno nedostatkem pohybu v uzav\u0159en\u00e9m kotci. M\u00e1te-li mo\u017enost sn\u00ed\u017eit teplotu klimatizac\u00ed, rozhodn\u011b to ud\u011blejte, pozor v\u0161ak na proud chladn\u00e9ho vzduchu z ventil\u00e1tor\u016f. Jestli\u017ee teplota v m\u00edstnosti p\u0159es\u00e1hne 28 stup\u0148\u016f, kr\u00e1l\u00edci p\u0159est\u00e1vaj\u00ed b\u00fdt plodn\u00ed a jejich sterilita m\u016f\u017ee pak vlivem letn\u00edch extr\u00e9mn\u00edch veder trvat a\u017e do za\u010d\u00e1tku zimy.                                                                                                                                                                                                                                                                                                                                                                                          4.9\/5 - (8 votes)        "},{"@context":"https:\/\/schema.org\/","@type":"BreadcrumbList","itemListElement":[{"@type":"ListItem","position":1,"name":"Klece, podest\u00fdlky a krm\u00edtka pro kr\u00e1l\u00edky","item":"https:\/\/www.angelix.cz\/klece-podestylky-a-krmitka-pro-kraliky\/#breadcrumbitem"}]}]