[{"@context":"https:\/\/schema.org\/","@type":"Article","@id":"https:\/\/www.angelix.cz\/konec-umeni-jako-zacatek-konce-civilizace\/#Article","mainEntityOfPage":"https:\/\/www.angelix.cz\/konec-umeni-jako-zacatek-konce-civilizace\/","headline":"Konec um\u011bn\u00ed jako za\u010d\u00e1tek konce civilizace","name":"Konec um\u011bn\u00ed jako za\u010d\u00e1tek konce civilizace","description":"\u201eNejsem si jist\u00e1, jestli je to um\u011bleck\u00e1 instalace nebo jen n\u00e1hodn\u00e9 uskupen\u00ed rostlin.\u201c Pamatujete se je\u0161t\u011b na d\u00edvku v pr\u016fsvitn\u00fdch br\u00fdl\u00edch z dokumentu o hipsterech? Pr\u00e1v\u011b tato v\u011bta se stala pro mnoh\u00e9 d\u016fkazem, \u017ee um\u011bleck\u00fd sv\u011bt se ji\u017e do\u010dista pom\u00e1tl a odtrhl od reality. Kdo z t\u011bch, co maj\u00ed v\u0161ech p\u011bt pohromad\u011b, by pova\u017eoval p\u00e1r [&hellip;]","datePublished":"2017-11-30","dateModified":"2023-04-27","author":{"@type":"Person","@id":"https:\/\/www.angelix.cz\/author\/#Person","name":"","url":"https:\/\/www.angelix.cz\/author\/","identifier":1,"image":{"@type":"ImageObject","@id":"https:\/\/secure.gravatar.com\/avatar\/dcb1aeb5e7d95014cdc92e76cf3c72f6b456579bf773ad0081803a6569ffc19c?s=96&d=mm&r=g","url":"https:\/\/secure.gravatar.com\/avatar\/dcb1aeb5e7d95014cdc92e76cf3c72f6b456579bf773ad0081803a6569ffc19c?s=96&d=mm&r=g","height":96,"width":96}},"publisher":{"@type":"Organization","name":"angelix.cz","logo":{"@type":"ImageObject","@id":"\/logo.png","url":"\/logo.png","width":600,"height":60}},"image":{"@type":"ImageObject","@id":"https:\/\/www.angelix.cz\/wp-content\/uploads\/img_a305914_w1749_t1517301893.jpg","url":"https:\/\/www.angelix.cz\/wp-content\/uploads\/img_a305914_w1749_t1517301893.jpg","height":0,"width":0},"url":"https:\/\/www.angelix.cz\/konec-umeni-jako-zacatek-konce-civilizace\/","about":["Technika"],"wordCount":449,"articleBody":"\t\u201eNejsem si jist\u00e1, jestli je to um\u011bleck\u00e1 instalace nebo jen n\u00e1hodn\u00e9 uskupen\u00ed rostlin.\u201c Pamatujete se je\u0161t\u011b na d\u00edvku v pr\u016fsvitn\u00fdch br\u00fdl\u00edch z dokumentu o hipsterech? Pr\u00e1v\u011b tato v\u011bta se stala pro mnoh\u00e9 d\u016fkazem, \u017ee um\u011bleck\u00fd sv\u011bt se ji\u017e do\u010dista pom\u00e1tl a odtrhl od reality. Kdo z t\u011bch, co maj\u00ed v\u0161ech p\u011bt pohromad\u011b, by pova\u017eoval p\u00e1r plastov\u00fdch kytek za um\u011bn\u00ed. Hv\u011bzdou internetu se stal tak\u00e9 mu\u017e, kter\u00fd na zem v muzeu n\u00e1hodou odlo\u017eil sv\u00e9 br\u00fdle, a pak se nesta\u010dil divit z\u00e1stupu, kter\u00fd se u br\u00fdl\u00ed vytvo\u0159il jako kdyby to byla Mona Lisa.\tZkr\u00e1tka, modern\u00ed um\u011bn\u00ed je \u010dasto ter\u010dem posm\u011b\u0161k\u016f. Z \u010d\u00e1sti pr\u00e1vem. Zat\u00edmco kr\u00e1sa secese, renesan\u010dn\u00ed pal\u00e1ce \u010di mohutn\u00e9 barokn\u00ed sochy jsou svou kr\u00e1sou a mohutnost\u00ed srozumiteln\u00e9 v\u0161em, tak modern\u00ed um\u011blci si zakl\u00e1daj\u00ed na tom, \u017ee budou nepochopeni. \u010c\u00edm provokativn\u011bj\u0161\u00ed a nesrozumiteln\u011bj\u0161\u00ed jejich d\u00edla jsou, t\u00edm jsou spokojen\u011bj\u0161\u00ed. Ale pro\u010d? Mo\u017en\u00e1, jenom mo\u017en\u00e1, bychom se modern\u00edm d\u00edl\u016fm nem\u011bli pouze posm\u00edvat. Sou\u010dasn\u00ed um\u011blci zkr\u00e1tka u\u017e necht\u011bj\u00ed d\u011blat jenom v\u011bci, kter\u00e9 jsou kr\u00e1sn\u00e9. Cht\u011bj\u00ed n\u00e1s provokovat, cht\u011bj\u00ed, abychom se p\u0159i pohledu na jejich d\u00edlka zamysleli, pohl\u00e9dli do sebe. My to ale v\u011bt\u0161inou ned\u011bl\u00e1me, proto\u017ee ur\u00e1\u017eet je pro n\u00e1s snaz\u0161\u00ed a pohodln\u011bj\u0161\u00ed.\tModern\u00ed um\u011bn\u00ed tak mo\u017en\u00e1 oznamuje za\u010d\u00e1tek konce civilizace. Ne v\u0161ak svou existenc\u00ed, ale t\u00edm, \u017ee n\u00e1m nastavuje zrcadlo. Ukazuje n\u00e1m, \u017ee kdy\u017e n\u011b\u010demu nerozum\u00edme, tak se ani nenam\u00e1h\u00e1me se na chvilku zastavit, zap\u0159em\u00fd\u0161let nebo tu v\u011bc p\u0159ijmout v jej\u00ed odli\u0161nosti. M\u00edsto toho se vysm\u00edv\u00e1me, ur\u00e1\u017e\u00edme a poni\u017eujeme, to v\u0161e jen proto, abychom zakryli vlastn\u00ed strach z nezn\u00e1m\u00e9ho a nepochopiteln\u00e9ho. D\u0159\u00edve byli lid\u00e9 obklopeni v\u011bci, kter\u00fdm nerozum\u011bli, a\u0165 u\u017e to byla jejich v\u00edra v Boha nebo tehdy nevysv\u011btliteln\u00e9 fyzik\u00e1ln\u00ed jevy. My jsme Boha odm\u00edtli jako b\u00e1chorky pro d\u011bti, fyzik\u00e1ln\u00ed jevy vysv\u011btlili, a m\u00e1me pocit, \u017ee mus\u00edme rozum\u011bt v\u0161emu. A co nech\u00e1peme, to odm\u00edtneme jako ned\u016fle\u017eit\u00e9 a sm\u011b\u0161n\u00e9. A modern\u00ed um\u011blci na to ve sv\u00fdch d\u00edlech poukazuj\u00ed. V\u011bd\u00ed, \u017ee se budeme sm\u00e1t, ale doufaj\u00ed, \u017ee se nad sebou t\u0159eba i trochu zamysl\u00edme.                                                                                                                                                                                                                                                                                                                                                                                        4.6\/5 - (5 votes)        "},{"@context":"https:\/\/schema.org\/","@type":"BreadcrumbList","itemListElement":[{"@type":"ListItem","position":1,"name":"Konec um\u011bn\u00ed jako za\u010d\u00e1tek konce civilizace","item":"https:\/\/www.angelix.cz\/konec-umeni-jako-zacatek-konce-civilizace\/#breadcrumbitem"}]}]