[{"@context":"https:\/\/schema.org\/","@type":"Article","@id":"https:\/\/www.angelix.cz\/neco-o-vzduchu\/#Article","mainEntityOfPage":"https:\/\/www.angelix.cz\/neco-o-vzduchu\/","headline":"N\u011bco o vzduchu","name":"N\u011bco o vzduchu","description":"Z\u00e1kladem ekologie je, nebo vlastn\u011b by m\u011blo b\u00fdt to, aby bylo na t\u00e9to Zemi \u201ed\u00fdchatelno\u201c. A \u010disto. Moje babi\u010dka by s prominut\u00edm \u0159ekla, \u017ee toho m\u00e1 ka\u017ed\u00fd plnou hubu, ale s\u00e1m nehne prstem. A za\u010d\u00edn\u00e1 to pr\u00e1v\u011b u ka\u017ed\u00e9ho \u010dlov\u011bka. Pomineme toto t\u00e9ma v \u0161ir\u0161\u00edch souvislostech, ale p\u0159izn\u00e1me si, \u017ee vzduch by b\u00fdt d\u00fdchateln\u00fd m\u011bl. [&hellip;]","datePublished":"2019-11-16","dateModified":"2023-04-27","author":{"@type":"Person","@id":"https:\/\/www.angelix.cz\/author\/#Person","name":"","url":"https:\/\/www.angelix.cz\/author\/","identifier":1,"image":{"@type":"ImageObject","@id":"https:\/\/secure.gravatar.com\/avatar\/dcb1aeb5e7d95014cdc92e76cf3c72f6b456579bf773ad0081803a6569ffc19c?s=96&d=mm&r=g","url":"https:\/\/secure.gravatar.com\/avatar\/dcb1aeb5e7d95014cdc92e76cf3c72f6b456579bf773ad0081803a6569ffc19c?s=96&d=mm&r=g","height":96,"width":96}},"publisher":{"@type":"Organization","name":"angelix.cz","logo":{"@type":"ImageObject","@id":"\/logo.png","url":"\/logo.png","width":600,"height":60}},"image":{"@type":"ImageObject","@id":"https:\/\/www.angelix.cz\/wp-content\/uploads\/img_a368876_w1749_t1581059337.jpg","url":"https:\/\/www.angelix.cz\/wp-content\/uploads\/img_a368876_w1749_t1581059337.jpg","height":0,"width":0},"url":"https:\/\/www.angelix.cz\/neco-o-vzduchu\/","about":["D\u016fm a zahrada"],"wordCount":425,"articleBody":"      Z\u00e1kladem ekologie je, nebo vlastn\u011b by m\u011blo b\u00fdt to, aby bylo na t\u00e9to Zemi \u201ed\u00fdchatelno\u201c. A \u010disto. Moje babi\u010dka by s prominut\u00edm \u0159ekla, \u017ee toho m\u00e1 ka\u017ed\u00fd plnou hubu, ale s\u00e1m nehne prstem. A za\u010d\u00edn\u00e1 to pr\u00e1v\u011b u ka\u017ed\u00e9ho \u010dlov\u011bka.  Pomineme toto t\u00e9ma v \u0161ir\u0161\u00edch souvislostech, ale p\u0159izn\u00e1me si, \u017ee vzduch by b\u00fdt d\u00fdchateln\u00fd m\u011bl. V\u00edme, co v n\u011bm l\u00edt\u00e1 za, ehm, jak to slu\u0161n\u011b napsat, nedobrot. L\u00e1tek cizorod\u00fdch, mikroprachu, alergen\u016f a tak d\u00e1le a tak d\u00e1le. Jak se zd\u00e1, \u010dlov\u011bk je proti tomu bezbrann\u00fd.  Nen\u00ed to a\u017e tak pravda. Zbavit se toho \u00fapln\u011b ji\u017e asi nep\u016fjde, tedy v glob\u00e1ln\u00edm m\u011b\u0159\u00edtku. Kde\u017eto doma, nebo v kancel\u00e1\u0159i by to jist\u011b \u0161lo. Tam kde str\u00e1v\u00edme spoustu \u010dasu by to j\u00edt m\u011blo, ba dokonce muselo. Tomu napom\u00e1haj\u00ed r\u016fzn\u00e9 \u010disti\u010dky a pra\u010dky vzduchu. A z druh\u00e9 strany v p\u0159\u00edpad\u011b horka v\u011btr\u00e1k. \u0158e\u0161en\u00ed to je jist\u011b je, ale pon\u011bkud kontraproduktivn\u00ed. Existuje je\u0161t\u011b lep\u0161\u00ed, a to je klimatizace https:\/\/elmontech.cz\/klimatizace\/. Tato v\u011bci\u010dka toti\u017e nejen vy\u010dist\u00ed vzduch od t\u011bch \u0161kodliv\u00fdch l\u00e1tek, ale z\u00e1rove\u0148 dok\u00e1\u017ee i udr\u017eet p\u0159edem nastavenou teplotu v m\u00edstnosti. Tak\u017ee zab\u00edj\u00ed dv\u011b v\u011bci, pardon, n\u011bkolik v\u011bc\u00ed jednou jedinou ranou.  Hovo\u0159\u00ed pro ni i jej\u00ed technick\u00e9 parametry. Toti\u017e m\u00e1 n\u00edzkou hlu\u010dnost a to oboj\u00ed. Jak vnit\u0159n\u00ed, tak i vn\u011bj\u0161\u00ed, nebude v\u00e1m tedy hu\u010det do ucha, z \u010deho\u017e byste m\u011bli jen probl\u00e9my. Tak\u00e9 m\u00e1 vynikaj\u00edc\u00ed energetickou t\u0159\u00eddu. Ta zaji\u0161\u0165uje to, \u017ee v\u00e1m nestrhne pojistky a \u017ee p\u0159i jej\u00edm provozu nevykrv\u00e1c\u00ed va\u0161e pen\u011b\u017eenka p\u0159i platb\u011b za m\u011bs\u00ed\u010dn\u00ed spot\u0159ebu elektriky. Jednotka m\u00e1 velmi v\u00fdborn\u00fd topn\u00fd v\u00fdkon, co\u017e ocen\u00edte v l\u00e9t\u011b, ale i z opa\u010dn\u00e9 strany m\u00e1 vynikaj\u00edc\u00ed v\u00fdkon chlad\u00edc\u00ed. Co\u017e zase ocen\u00edte v zim\u011b. To v\u0161echno jsou jist\u011b velk\u00e1 plus, a nav\u00edc je t\u0159eba si uv\u011bdomit, \u017ee to, co chr\u00e1n\u00ed je p\u0159edev\u0161\u00edm va\u0161e zdrav\u00ed. Pou\u017eit\u00ed je velmi jednoduch\u00e9, net\u0159eba \u017e\u00e1dn\u00fdch slo\u017eitost\u00ed. Ovl\u00e1d\u00e1n\u00ed zvl\u00e1dne i p\u011btilet\u00e9 d\u00edt\u011b. P\u0159\u00edstroj zp\u0159\u00edjemn\u00ed pobyt kdekoli. A to je dob\u0159e.                                                                                                                                                                                                                                                                                                                                                                                            4.3\/5 - (10 votes)        "},{"@context":"https:\/\/schema.org\/","@type":"BreadcrumbList","itemListElement":[{"@type":"ListItem","position":1,"name":"N\u011bco o vzduchu","item":"https:\/\/www.angelix.cz\/neco-o-vzduchu\/#breadcrumbitem"}]}]