[{"@context":"https:\/\/schema.org\/","@type":"Article","@id":"https:\/\/www.angelix.cz\/zmeny-pocasi-se-dotknou-i-ceny-peciva\/#Article","mainEntityOfPage":"https:\/\/www.angelix.cz\/zmeny-pocasi-se-dotknou-i-ceny-peciva\/","headline":"Zm\u011bny po\u010das\u00ed se dotknou i ceny pe\u010diva","name":"Zm\u011bny po\u010das\u00ed se dotknou i ceny pe\u010diva","description":"Sucho poci\u0165ujeme v\u00a0posledn\u00edch letech ka\u017ed\u00fd. A\u0165 se jedn\u00e1 o horsk\u00e9 oblasti nebo m\u011bstsk\u00e9 \u010d\u00e1sti, kde teploty nemaj\u00ed probl\u00e9m p\u0159es\u00e1hnout hranici 30 \u00b0C. Naplnily se tedy ekologick\u00e1 varov\u00e1n\u00ed, na kter\u00fdch bude p\u0159eci jen n\u011bco pravdy. Horko zp\u016fsobuje nejen nep\u0159\u00edjemn\u00fd pocit a nucen\u00e9 odpo\u010d\u00edv\u00e1n\u00ed u baz\u00e9nu, ale p\u016fsob\u00ed tak\u00e9 na na\u0161e rostliny, zejm\u00e9na se pak odr\u00e1\u017e\u00ed ve [&hellip;]","datePublished":"2018-06-18","dateModified":"2023-04-27","author":{"@type":"Person","@id":"https:\/\/www.angelix.cz\/author\/#Person","name":"","url":"https:\/\/www.angelix.cz\/author\/","identifier":1,"image":{"@type":"ImageObject","@id":"https:\/\/secure.gravatar.com\/avatar\/dcb1aeb5e7d95014cdc92e76cf3c72f6b456579bf773ad0081803a6569ffc19c?s=96&d=mm&r=g","url":"https:\/\/secure.gravatar.com\/avatar\/dcb1aeb5e7d95014cdc92e76cf3c72f6b456579bf773ad0081803a6569ffc19c?s=96&d=mm&r=g","height":96,"width":96}},"publisher":{"@type":"Organization","name":"angelix.cz","logo":{"@type":"ImageObject","@id":"\/logo.png","url":"\/logo.png","width":600,"height":60}},"image":{"@type":"ImageObject","@id":"https:\/\/www.angelix.cz\/wp-content\/uploads\/img_a322798_w1749_t1534567710.jpg","url":"https:\/\/www.angelix.cz\/wp-content\/uploads\/img_a322798_w1749_t1534567710.jpg","height":0,"width":0},"url":"https:\/\/www.angelix.cz\/zmeny-pocasi-se-dotknou-i-ceny-peciva\/","about":["Www"],"wordCount":397,"articleBody":"Sucho poci\u0165ujeme v\u00a0posledn\u00edch letech ka\u017ed\u00fd. A\u0165 se jedn\u00e1 o horsk\u00e9 oblasti nebo m\u011bstsk\u00e9 \u010d\u00e1sti, kde teploty nemaj\u00ed probl\u00e9m p\u0159es\u00e1hnout hranici 30 \u00b0C. Naplnily se tedy ekologick\u00e1 varov\u00e1n\u00ed, na kter\u00fdch bude p\u0159eci jen n\u011bco pravdy. Horko zp\u016fsobuje nejen nep\u0159\u00edjemn\u00fd pocit a nucen\u00e9 odpo\u010d\u00edv\u00e1n\u00ed u baz\u00e9nu, ale p\u016fsob\u00ed tak\u00e9 na na\u0161e rostliny, zejm\u00e9na se pak odr\u00e1\u017e\u00ed ve v\u00fdnosnosti plodin.\tLetos sucho znateln\u011b ovlivnilo v\u00fdnosnost p\u0161enice co\u017e se projev\u00ed tak\u00e9 na cen\u011b ve\u0161ker\u00fdch obiln\u00fdch produkt\u016f. Jedn\u00e1 se hlavn\u011b o b\u00edl\u00e9 pe\u010divo jako jsou rohl\u00edky, nejr\u016fzn\u011bj\u0161\u00ed housky, kol\u00e1\u010de apod. T\u00edm nast\u00e1v\u00e1 situace op\u011btovn\u00e9ho zdra\u017eov\u00e1n\u00ed. Jeliko\u017e pat\u0159\u00ed potraviny mezi neelastick\u00e9 zbo\u017e\u00ed co\u017e znamen\u00e1, \u017ee potraviny zkr\u00e1tka pot\u0159ebuje a a\u0165 se jeho cena zv\u00fd\u0161\u00ed jakkoliv razantn\u011b stejn\u011b jej budeme kupovat.\tNav\u00edc se \u010desk\u00e1 ekonomika nach\u00e1z\u00ed ve f\u00e1zi r\u016fstu to se projevuje hlavn\u011b ve sn\u00ed\u017een\u00e9 nezam\u011bstnanosti, r\u016fstu plat\u016f a \u017eivotn\u00ed \u00farovn\u011b. Tud\u00ed\u017e si peka\u0159i m\u016f\u017eou zvy\u0161ov\u00e1n\u00ed cen dovolit. R\u016fst cen pe\u010diva nen\u00ed ov\u0161em ovlivn\u011bn pouze nedostatkem p\u0161enice existuje mnoho dal\u0161\u00edch aspekt\u016f, ale za tento faktor se d\u00e1 spoustu n\u00e1klad\u016f schovat.\tEkonomika je sice na vzestupu, ale adekv\u00e1tn\u011b tomu rostou ostatn\u00ed komodity. Od \u00farokov\u00fdch sazeb po ceny nezbytn\u011b nutn\u00e9ho zbo\u017e\u00ed. \u010cesk\u00e1 republika je tedy na tom o pozn\u00e1n\u00ed l\u00e9pe, ale okoln\u00ed spole\u010dnosti toho znateln\u011b vyu\u017e\u00edvaj\u00ed.\tJe tedy zapot\u0159eb\u00ed zam\u011b\u0159it se na \u0161etrn\u00e9 zach\u00e1zen\u00ed s\u00a0p\u0159\u00edrodou. Vys\u00edl\u00e1 n\u00e1m toti\u017e mnoho sign\u00e1l\u016f, \u017ee je n\u011bco v\u00a0nepo\u0159\u00e1dku a n\u00e1valy horka jsou jedn\u00edm z\u00a0nich. Ruku v\u00a0ruce suchu jde tak\u00e9 voda, kter\u00e9 neust\u00e1le ub\u00fdv\u00e1 a na ji\u017en\u00edch \u010d\u00e1stech zem\u011bkoule se ji\u017e dnes st\u00e1v\u00e1 velice cennou komoditou. Proto je zapot\u0159eb\u00ed vodou nepl\u00fdtv\u00e1m a co nejefektivn\u011bji ji vyu\u017e\u00edvat. Dal\u0161\u00edmi zp\u016fsoby, jak \u0161et\u0159it p\u0159\u00edrodu m\u016f\u017ee b\u00fdt zejm\u00e9na t\u0159\u00edd\u011bn\u00ed odpadk\u016f a nezanech\u00e1v\u00e1n\u00ed p\u0159\u00edli\u0161 velk\u00e9 uhl\u00edkov\u00e9 stopy. Zejm\u00e9na pak sn\u00ed\u017een\u00edm vyu\u017e\u00edv\u00e1n\u00ed automobil\u016f, leteck\u00e9 dopravy nebo autobusu. V\u017edy existuj\u00ed spoustu \u201ezelen\u00fdch\u201c dopravn\u00edch prost\u0159edk\u016f.                                                                                                                                                                                                                                                                                                                                                                                        4.6\/5 - (5 votes)        "},{"@context":"https:\/\/schema.org\/","@type":"BreadcrumbList","itemListElement":[{"@type":"ListItem","position":1,"name":"Zm\u011bny po\u010das\u00ed se dotknou i ceny pe\u010diva","item":"https:\/\/www.angelix.cz\/zmeny-pocasi-se-dotknou-i-ceny-peciva\/#breadcrumbitem"}]}]